{"id":2570,"date":"2016-01-22T04:41:40","date_gmt":"2016-01-22T03:41:40","guid":{"rendered":"http:\/\/headbangers.fr\/?p=2570&#038;lang=en"},"modified":"2016-04-15T14:13:15","modified_gmt":"2016-04-15T12:13:15","slug":"headbangers-selectionne-tremplin-festival-jazz-a-vienne","status":"publish","type":"post","link":"http:\/\/headbangers.fr\/en\/headbangers-selectionne-tremplin-festival-jazz-a-vienne\/","title":{"rendered":"Headbangers s\u00e9lectionn\u00e9 au tremplin du festival Jazz \u00e0 Vienne"},"content":{"rendered":"[vc_row][vc_column width=&#8221;1\/2&#8243;][vc_single_image image=&#8221;2243&#8243; img_size=&#8221;full&#8221; border_color=&#8221;grey&#8221;][\/vc_column][vc_column width=&#8221;1\/2&#8243;][vc_column_text]Le R\u00e9ZZo Focal Jazz \u00e0 Vienne est n\u00e9 de la volont\u00e9 de Jazz \u00e0 Vienne de porter sur le devant de la sc\u00e8ne les nouveaux talents du jazz. Headbangers est s\u00e9lectionn\u00e9 avec les groupes suivants.<\/p>\n<h5><!--more--><br \/>\n<strong>Sampo trio<\/strong> <em>(Basse-Normandie \/ Jazz sous les pommiers)<br \/>\n<\/em><strong>Manu Leveque Trio<\/strong> <em>(Bourgogne \/ Crescent Jazz Club)<br \/>\n<\/em><strong>Laura Perrudin 4tet<\/strong> <em>(Bretagne \/ Jazz \u00e0 Vannes)<br \/>\n<\/em><strong>Toons<\/strong> <em>(Centre \/ Orl\u00e9ans\u2019Jazz)<br \/>\n<\/em><strong>Note forget, The project<\/strong> <em>(\u00cele-de-France \/ Sunset-Sunside)<\/em><em><br \/>\n<\/em><strong>The HeadShakers<\/strong> <em>(Nord-Pas-de-Calais \/ Golden Jazz trophy)<br \/>\n<\/em><strong>Thomas Galliano 4tet<\/strong> <em>(PACA \/ Jazz \u00e0 Juan)<br \/>\n<\/em><strong>Water Babies<\/strong> <em>(Pays de la Loire \/ Les rendez-vous de l\u2019Erdre)<br \/>\n<\/em><strong>Eym trio<\/strong> <em>(Rh\u00f4ne-Alpes \/ Jazz s RA)<br \/>\n<\/em><strong>Alexandre Monfort trio<\/strong> <em>(Haute-Normandie \/ Rouen Jazz Action)<br \/>\n<\/em><strong>Stedwin<\/strong> <em>(Alsace \/ Munster Jazz festival)<br \/>\n<\/em><\/h5>\n[\/vc_column_text][\/vc_column][\/vc_row]\n","protected":false},"excerpt":{"rendered":"<p>[vc_row][vc_column width=&#8221;1\/2&#8243;][vc_single_image image=&#8221;2243&#8243; img_size=&#8221;full&#8221; border_color=&#8221;grey&#8221;][\/vc_column][vc_column width=&#8221;1\/2&#8243;][vc_column_text]Le R\u00e9ZZo Focal Jazz \u00e0 Vienne est n\u00e9 de la volont\u00e9 de Jazz \u00e0 Vienne de porter sur le devant de la sc\u00e8ne les nouveaux talents du jazz. Headbangers est s\u00e9lectionn\u00e9 avec les groupes suivants.<\/p>\n","protected":false},"author":1,"featured_media":2243,"comment_status":"open","ping_status":"open","sticky":false,"template":"","format":"image","meta":[],"categories":[34],"tags":[],"_links":{"self":[{"href":"http:\/\/headbangers.fr\/en\/wp-json\/wp\/v2\/posts\/2570"}],"collection":[{"href":"http:\/\/headbangers.fr\/en\/wp-json\/wp\/v2\/posts"}],"about":[{"href":"http:\/\/headbangers.fr\/en\/wp-json\/wp\/v2\/types\/post"}],"author":[{"embeddable":true,"href":"http:\/\/headbangers.fr\/en\/wp-json\/wp\/v2\/users\/1"}],"replies":[{"embeddable":true,"href":"http:\/\/headbangers.fr\/en\/wp-json\/wp\/v2\/comments?post=2570"}],"version-history":[{"count":1,"href":"http:\/\/headbangers.fr\/en\/wp-json\/wp\/v2\/posts\/2570\/revisions"}],"predecessor-version":[{"id":2595,"href":"http:\/\/headbangers.fr\/en\/wp-json\/wp\/v2\/posts\/2570\/revisions\/2595"}],"wp:featuredmedia":[{"embeddable":true,"href":"http:\/\/headbangers.fr\/en\/wp-json\/wp\/v2\/media\/2243"}],"wp:attachment":[{"href":"http:\/\/headbangers.fr\/en\/wp-json\/wp\/v2\/media?parent=2570"}],"wp:term":[{"taxonomy":"category","embeddable":true,"href":"http:\/\/headbangers.fr\/en\/wp-json\/wp\/v2\/categories?post=2570"},{"taxonomy":"post_tag","embeddable":true,"href":"http:\/\/headbangers.fr\/en\/wp-json\/wp\/v2\/tags?post=2570"}],"curies":[{"name":"wp","href":"https:\/\/api.w.org\/{rel}","templated":true}]}}